{"id":28,"date":"2026-01-21T13:34:24","date_gmt":"2026-01-21T13:34:24","guid":{"rendered":"https:\/\/www.hote-zen.fr\/blog\/?p=28"},"modified":"2026-03-02T10:04:10","modified_gmt":"2026-03-02T10:04:10","slug":"hote-zen-2025","status":"publish","type":"post","link":"https:\/\/www.hote-zen.fr\/blog\/hote-zen-2025\/","title":{"rendered":"H\u00f4te Zen 2025 de toutes les couleurs : R\u00e9trospective sur l\u2019ann\u00e9e !"},"content":{"rendered":"\t\t<div data-elementor-type=\"wp-post\" data-elementor-id=\"28\" class=\"elementor elementor-28\" data-elementor-post-type=\"post\">\n\t\t\t\t<div class=\"elementor-element elementor-element-9b5c4e1 e-flex e-con-boxed e-con e-parent\" data-id=\"9b5c4e1\" data-element_type=\"container\" data-e-type=\"container\">\n\t\t\t\t\t<div class=\"e-con-inner\">\n\t\t\t\t<div class=\"elementor-element elementor-element-4a16327 elementor-widget__width-inherit elementor-widget elementor-widget-heading\" data-id=\"4a16327\" data-element_type=\"widget\" data-e-type=\"widget\" data-widget_type=\"heading.default\">\n\t\t\t\t\t<h1 class=\"elementor-heading-title elementor-size-default\">H\u00f4te Zen 2025 de toutes les couleurs : R\u00e9trospective sur l\u2019ann\u00e9e !\n<\/h1>\t\t\t\t<\/div>\n\t\t\t\t\t<\/div>\n\t\t\t\t<\/div>\n\t\t<div class=\"elementor-element elementor-element-e93da51 e-flex e-con-boxed e-con e-parent\" data-id=\"e93da51\" data-element_type=\"container\" data-e-type=\"container\">\n\t\t\t\t\t<div class=\"e-con-inner\">\n\t\t\t\t<div class=\"elementor-element elementor-element-ed030b4 elementor-widget elementor-widget-image\" data-id=\"ed030b4\" data-element_type=\"widget\" data-e-type=\"widget\" data-widget_type=\"image.default\">\n\t\t\t\t\t\t\t\t\t\t\t\t\t\t\t<img fetchpriority=\"high\" decoding=\"async\" width=\"751\" height=\"430\" src=\"https:\/\/www.hote-zen.fr\/blog\/wp-content\/uploads\/2026\/01\/Hote-zen-entreprise-sereine-751x430.jpg\" class=\"attachment-post size-post wp-image-30\" alt=\"Hote zen entreprise sereine\" \/>\t\t\t\t\t\t\t\t\t\t\t\t\t\t\t<\/div>\n\t\t\t\t\t<\/div>\n\t\t\t\t<\/div>\n\t\t<div class=\"elementor-element elementor-element-4f4bacd e-flex e-con-boxed e-con e-parent\" data-id=\"4f4bacd\" data-element_type=\"container\" data-e-type=\"container\">\n\t\t\t\t\t<div class=\"e-con-inner\">\n\t\t\t\t<div class=\"elementor-element elementor-element-a684464 elementor-widget elementor-widget-text-editor\" data-id=\"a684464\" data-element_type=\"widget\" data-e-type=\"widget\" data-widget_type=\"text-editor.default\">\n\t\t\t\t\t\t\t\t\t<p><span style=\"background-color: transparent;\">Il nous semble important aujourd&rsquo;hui de vous faire conna\u00eetre l\u2019<\/span><strong style=\"background-color: transparent;\">\u00e9volution de l\u2019activit\u00e9 de notre entreprise<\/strong><span style=\"background-color: transparent;\"> car en 2025, \u00e7a a bien boug\u00e9 pour H\u00f4te Zen !<\/span><\/p><p><span style=\"font-weight: 400;\">Bienvenue donc dans cette r\u00e9trospective de notre ann\u00e9e 2025.\u00a0<\/span><\/p>\t\t\t\t\t\t\t\t<\/div>\n\t\t\t\t\t<\/div>\n\t\t\t\t<\/div>\n\t\t<div class=\"elementor-element elementor-element-483146e e-flex e-con-boxed e-con e-parent\" data-id=\"483146e\" data-element_type=\"container\" data-e-type=\"container\">\n\t\t\t\t\t<div class=\"e-con-inner\">\n\t\t\t\t<div class=\"elementor-element elementor-element-4c8e64c elementor-widget elementor-widget-heading\" data-id=\"4c8e64c\" data-element_type=\"widget\" data-e-type=\"widget\" data-widget_type=\"heading.default\">\n\t\t\t\t\t<h2 class=\"elementor-heading-title elementor-size-default\">Chers clients et utilisateurs H\u00f4te Zen, vous \u00eates LA priorit\u00e9 de nos d\u00e9marches!<\/h2>\t\t\t\t<\/div>\n\t\t\t\t<div class=\"elementor-element elementor-element-a1e7d7c elementor-widget elementor-widget-text-editor\" data-id=\"a1e7d7c\" data-element_type=\"widget\" data-e-type=\"widget\" data-widget_type=\"text-editor.default\">\n\t\t\t\t\t\t\t\t\t<p>L\u2019ann\u00e9e \u00e9coul\u00e9e, nous avons mis tout notre c\u0153ur \u00e0 l\u2019ouvrage pour <strong>faire \u00e9voluer l\u2019entreprise<\/strong> et <strong>perfectionner chacun de nos services<\/strong>. Cette transformation ne s\u2019est pas limit\u00e9e \u00e0 nos infrastructures. Elle a touch\u00e9 notre mani\u00e8re de vous accompagner, avec pour seul objectif d&rsquo;atteindre une qualit\u00e9 de service irr\u00e9prochable. C&rsquo;est cette passion et ce <strong>souci du d\u00e9tail<\/strong> qui nous permettent aujourd&rsquo;hui de vous proposer une <strong>exp\u00e9rience de location plus fluide et plus humaine<\/strong>.<\/p>\t\t\t\t\t\t\t\t<\/div>\n\t\t\t\t<div class=\"elementor-element elementor-element-712d4d4 elementor-widget elementor-widget-heading\" data-id=\"712d4d4\" data-element_type=\"widget\" data-e-type=\"widget\" data-widget_type=\"heading.default\">\n\t\t\t\t\t<h4 class=\"elementor-heading-title elementor-size-default\">D\u00e9couvrez les am\u00e9liorations H\u00f4te Zen 2025 !<\/h4>\t\t\t\t<\/div>\n\t\t\t\t<div class=\"elementor-element elementor-element-7d7cdae elementor-widget elementor-widget-heading\" data-id=\"7d7cdae\" data-element_type=\"widget\" data-e-type=\"widget\" data-widget_type=\"heading.default\">\n\t\t\t\t\t<h4 class=\"elementor-heading-title elementor-size-default\">D\u00e9veloppement humain et technologique<\/h4>\t\t\t\t<\/div>\n\t\t\t\t<div class=\"elementor-element elementor-element-3cbf691 elementor-widget elementor-widget-text-editor\" data-id=\"3cbf691\" data-element_type=\"widget\" data-e-type=\"widget\" data-widget_type=\"text-editor.default\">\n\t\t\t\t\t\t\t\t\t<p><span style=\"font-weight: 400;\">Tout d&rsquo;abord, un grand changement est apparu au sein de l&rsquo;\u00e9quipe : nous avons recrut\u00e9 une <\/span><b>assistante en communication<\/b><span style=\"font-weight: 400;\"> et administration. Cela nous a permis de d\u00e9gager du temps d&rsquo;expertise pour les logements H\u00f4te Zen et pour le process de l&rsquo;entreprise. Nous souhaitons donc la bienvenue \u00e0 \u00c9lise !\u00a0<\/span><\/p><p><span style=\"font-weight: 400;\">Gr\u00e2ce \u00e0 cette nouvelle collaboratrice, nous avons donn\u00e9 jour \u00e0 l\u2019un de nos grands projets de l\u2019ann\u00e9e 2025 : ouvrir notre <\/span><b>nouveau site internet<\/b><span style=\"font-weight: 400;\"> ! Nous attendions depuis longtemps l\u2019opportunit\u00e9 de le d\u00e9ployer et l\u2019association de ces nouvelles comp\u00e9tences a permis sa mise en service en avril. Performance, rapidit\u00e9 et \u00e9volution des services, c&rsquo;est une interface \u00e9largie, con\u00e7ue sp\u00e9cialement pour vous ! Elle nous offre une meilleure pr\u00e9sence en ligne et plus de r\u00e9activit\u00e9 pour \u00eatre encore plus proche de vous.<\/span><\/p>\t\t\t\t\t\t\t\t<\/div>\n\t\t\t\t<div class=\"elementor-element elementor-element-97f60db elementor-widget elementor-widget-heading\" data-id=\"97f60db\" data-element_type=\"widget\" data-e-type=\"widget\" data-widget_type=\"heading.default\">\n\t\t\t\t\t<h4 class=\"elementor-heading-title elementor-size-default\">Extension de notre zone d\u2019activit\u00e9 : A nous la Vend\u00e9e !<\/h4>\t\t\t\t<\/div>\n\t\t\t\t\t<\/div>\n\t\t\t\t<\/div>\n\t\t<div class=\"elementor-element elementor-element-f90f90f e-flex e-con-boxed e-con e-parent\" data-id=\"f90f90f\" data-element_type=\"container\" data-e-type=\"container\">\n\t\t\t\t\t<div class=\"e-con-inner\">\n\t\t<div class=\"elementor-element elementor-element-3247013 e-con-full e-flex e-con e-child\" data-id=\"3247013\" data-element_type=\"container\" data-e-type=\"container\">\n\t\t\t\t<div class=\"elementor-element elementor-element-9553450 elementor-widget elementor-widget-image\" data-id=\"9553450\" data-element_type=\"widget\" data-e-type=\"widget\" data-widget_type=\"image.default\">\n\t\t\t\t\t\t\t\t\t\t\t\t\t\t\t<img decoding=\"async\" width=\"300\" height=\"276\" src=\"https:\/\/www.hote-zen.fr\/blog\/wp-content\/uploads\/2026\/01\/20241004_111248-380x350.jpeg\" class=\"attachment-medium size-medium wp-image-41\" alt=\"G\u00eete avec piscine sans vis \u00e0 vis\" \/>\t\t\t\t\t\t\t\t\t\t\t\t\t\t\t<\/div>\n\t\t\t\t<\/div>\n\t\t<div class=\"elementor-element elementor-element-26cfcfd e-con-full e-flex e-con e-child\" data-id=\"26cfcfd\" data-element_type=\"container\" data-e-type=\"container\">\n\t\t\t\t<div class=\"elementor-element elementor-element-aec77bf elementor-widget elementor-widget-text-editor\" data-id=\"aec77bf\" data-element_type=\"widget\" data-e-type=\"widget\" data-widget_type=\"text-editor.default\">\n\t\t\t\t\t\t\t\t\t<p><span style=\"font-weight: 400;\">Comme vous le savez peut-\u00eatre notre offre de logements est largement install\u00e9e en Loire-Atlantique et surtout sur le Pays d\u2019Ancenis.&nbsp; De Varades \u00e0 Divattes sur Loire, en passant par Drain, Le Fuilet, Ancenis, Champtoceaux, Oudon et Le Cellier, nous vous offrons la possibilit\u00e9 de s\u00e9journer sur la majeure partie du Val de Loire.<\/span><\/p>\n<p><span style=\"font-weight: 400;\">L&rsquo;ann\u00e9e \u00e9coul\u00e9e, afin de mieux r\u00e9pondre \u00e0 vos demandes en Pays de la Loire, nous avons d\u00e9ploy\u00e9 nos propositions de <\/span><b>locations sur le d\u00e9partement de la Vend\u00e9e<\/b><span style=\"font-weight: 400;\">.<\/span><\/p>\n<p><a href=\"https:\/\/www.hote-zen.fr\/location\/villa-challans-challans-au-petit-baigneur-525149.html\"><span style=\"font-weight: 400;\">Challans<\/span><\/a><span style=\"font-weight: 400;\">, <\/span><a href=\"https:\/\/www.hote-zen.fr\/location\/maison-aizenay-au-petit-jardin-d-aizenay-524240.html\"><span style=\"font-weight: 400;\">Aizenay<\/span><\/a><span style=\"font-weight: 400;\">, <\/span><span style=\"font-weight: 400;\">d\u00e9couvrez nos logements et notre <\/span><a href=\"https:\/\/www.hote-zen.fr\/location\/maison-aizenay-gite-de-la-rue-du-chateau-d-aizenay-571114.html\"><span style=\"font-weight: 400;\">nouvelle s\u00e9lection de maisons<\/span><\/a><span style=\"font-weight: 400;\"> sur la c\u00f4te vend\u00e9enne !<\/span><\/p>\t\t\t\t\t\t\t\t<\/div>\n\t\t\t\t<\/div>\n\t\t\t\t\t<\/div>\n\t\t\t\t<\/div>\n\t\t<div class=\"elementor-element elementor-element-25efe48 e-flex e-con-boxed e-con e-parent\" data-id=\"25efe48\" data-element_type=\"container\" data-e-type=\"container\">\n\t\t\t\t\t<div class=\"e-con-inner\">\n\t\t\t\t<div class=\"elementor-element elementor-element-b4a8269 elementor-widget elementor-widget-heading\" data-id=\"b4a8269\" data-element_type=\"widget\" data-e-type=\"widget\" data-widget_type=\"heading.default\">\n\t\t\t\t\t<h4 class=\"elementor-heading-title elementor-size-default\">Vous rapprocher du Pays nantais en pr\u00e9servant votre budget<\/h4>\t\t\t\t<\/div>\n\t\t\t\t\t<\/div>\n\t\t\t\t<\/div>\n\t\t<div class=\"elementor-element elementor-element-396a566 e-grid e-con-boxed e-con e-parent\" data-id=\"396a566\" data-element_type=\"container\" data-e-type=\"container\">\n\t\t\t\t\t<div class=\"e-con-inner\">\n\t\t\t\t<div class=\"elementor-element elementor-element-0d74ab6 elementor-widget elementor-widget-text-editor\" data-id=\"0d74ab6\" data-element_type=\"widget\" data-e-type=\"widget\" data-widget_type=\"text-editor.default\">\n\t\t\t\t\t\t\t\t\t<p><span style=\"font-weight: 400;\">Nous avons \u00e9galement cherch\u00e9 \u00e0 \u00e9tayer notre offre au plus pr\u00e8s de Nantes. La pr\u00e9sence des infrastructures de transports et notamment de l\u2019a\u00e9roport, les propositions artistiques, culturelles et touristiques de cette ville font partie de vos recherches. Mais se loger \u00e0 Nantes est devenu un v\u00e9ritable d\u00e9fi.<\/span><\/p><p><span style=\"font-weight: 400;\">C\u2019est pourquoi nous avons ouvert un <strong><a href=\"https:\/\/www.hote-zen.fr\/location\/maison-vallet-gite-maison-de-vallet-673937.html\">nouveau logement en location \u00e0 Vallet<\/a><\/strong> !\u00a0<\/span><\/p><p><span style=\"font-weight: 400;\">Vallet dispose d&rsquo;une situation id\u00e9ale au carrefour entre 4 grandes villes, \u00e0 30 minutes de Nantes, de Cholet et d&rsquo;Ancenis, et \u00e0 15 minutes de la belle petite cit\u00e9 de Clisson. Cette proximit\u00e9 vous offre un confort et un large choix pour votre mobilit\u00e9.\u00a0<\/span><\/p>\t\t\t\t\t\t\t\t<\/div>\n\t\t\t\t<div class=\"elementor-element elementor-element-9802e96 elementor-widget elementor-widget-image\" data-id=\"9802e96\" data-element_type=\"widget\" data-e-type=\"widget\" data-widget_type=\"image.default\">\n\t\t\t\t\t\t\t\t\t\t\t\t\t\t\t<img decoding=\"async\" width=\"751\" height=\"471\" src=\"https:\/\/www.hote-zen.fr\/blog\/wp-content\/uploads\/2026\/01\/Gite-de-groupe-sejour-pro-Vallet-1-768x482.jpg\" class=\"attachment-medium_large size-medium_large wp-image-50\" alt=\"\" srcset=\"https:\/\/www.hote-zen.fr\/blog\/wp-content\/uploads\/2026\/01\/Gite-de-groupe-sejour-pro-Vallet-1-768x482.jpg 768w, https:\/\/www.hote-zen.fr\/blog\/wp-content\/uploads\/2026\/01\/Gite-de-groupe-sejour-pro-Vallet-1-1536x964.jpg 1536w, https:\/\/www.hote-zen.fr\/blog\/wp-content\/uploads\/2026\/01\/Gite-de-groupe-sejour-pro-Vallet-1.jpg 1745w\" sizes=\"(max-width: 751px) 100vw, 751px\" \/>\t\t\t\t\t\t\t\t\t\t\t\t\t\t\t<\/div>\n\t\t\t\t\t<\/div>\n\t\t\t\t<\/div>\n\t\t<div class=\"elementor-element elementor-element-85711aa e-flex e-con-boxed e-con e-parent\" data-id=\"85711aa\" data-element_type=\"container\" data-e-type=\"container\">\n\t\t\t\t\t<div class=\"e-con-inner\">\n\t\t\t\t<div class=\"elementor-element elementor-element-7e392ca elementor-widget elementor-widget-heading\" data-id=\"7e392ca\" data-element_type=\"widget\" data-e-type=\"widget\" data-widget_type=\"heading.default\">\n\t\t\t\t\t<h4 class=\"elementor-heading-title elementor-size-default\">D\u00e9veloppement de notre infrastructure actuelle<\/h4>\t\t\t\t<\/div>\n\t\t\t\t<div class=\"elementor-element elementor-element-c30fa87 elementor-widget elementor-widget-text-editor\" data-id=\"c30fa87\" data-element_type=\"widget\" data-e-type=\"widget\" data-widget_type=\"text-editor.default\">\n\t\t\t\t\t\t\t\t\t<p><span style=\"font-weight: 400;\">Pour nous, nos logements sont bien plus que des structures physiques : ce sont le <strong>socle de l&rsquo;exp\u00e9rience de nos usagers<\/strong>. Nous d\u00e9veloppons continuellement chaque logement pour en faire des espaces fonctionnels et irr\u00e9prochables.<\/span><\/p><p><span style=\"font-weight: 400;\">R\u00e9novation des locaux (Salle de bain, espaces communs, isolation,etc), des r\u00e9seaux de confort (chauffage, climatisation), mise \u00e0 niveau des \u00e9quipements technologiques (wifi, fibre,etc). Chaque am\u00e9lioration de notre parc immobilier vise cet objectif : vous offrir un cadre d&rsquo;excellence et des environnements de travail et de s\u00e9jour confortables, s\u00e9curis\u00e9s et connect\u00e9s.\u00a0<\/span><\/p><p><span style=\"font-weight: 400;\">Nous menons actuellement une campagne ambitieuse de <\/span><b>r\u00e9novation de nos salles de bain<\/b><span style=\"font-weight: 400;\">. Par le choix de mat\u00e9riaux durables, une esth\u00e9tique contemporaine et l&rsquo;installation d&rsquo;\u00e9quipements hydro-\u00e9conomiques performants. Nous r\u00e9haussons le standing de nos biens tout en garantissant une maintenance simplifi\u00e9e et une satisfaction client optimale.<\/span><\/p>\t\t\t\t\t\t\t\t<\/div>\n\t\t\t\t\t<\/div>\n\t\t\t\t<\/div>\n\t\t<div class=\"elementor-element elementor-element-003e625 e-flex e-con-boxed e-con e-parent\" data-id=\"003e625\" data-element_type=\"container\" data-e-type=\"container\">\n\t\t\t\t\t<div class=\"e-con-inner\">\n\t\t\t\t<div class=\"elementor-element elementor-element-e82d8e4 elementor-widget elementor-widget-heading\" data-id=\"e82d8e4\" data-element_type=\"widget\" data-e-type=\"widget\" data-widget_type=\"heading.default\">\n\t\t\t\t\t<h4 class=\"elementor-heading-title elementor-size-default\">Perspectives pour 2026<\/h4>\t\t\t\t<\/div>\n\t\t\t\t<div class=\"elementor-element elementor-element-4836c34 elementor-widget elementor-widget-text-editor\" data-id=\"4836c34\" data-element_type=\"widget\" data-e-type=\"widget\" data-widget_type=\"text-editor.default\">\n\t\t\t\t\t\t\t\t\t<p><span style=\"font-weight: 400;\">Que nous r\u00e9serve 2026 ? Une ann\u00e9e sous le signe de l&rsquo;expansion ! Nous lan\u00e7ons la <\/span><b>r\u00e9habilitation int\u00e9grale de l\u2019un de nos g\u00eetes \u00e0 Champtoceaux<\/b><span style=\"font-weight: 400;\"> (d\u00e9partement 49) pour en faire une r\u00e9f\u00e9rence de notre catalogue. Modernit\u00e9 et confort seront les ma\u00eetres-mots pour ce projet.<\/span><\/p><p><span style=\"font-weight: 400;\">Mais ce n&rsquo;est pas tout : nous sommes \u00e9galement fiers de vous annoncer l&rsquo;\u00e9largissement de notre offre avec l&rsquo;<\/span><b>acquisition de<\/b> <b>nouvelles adresses \u00e0 Vair-sur-Loire et Montrevault<\/b><span style=\"font-weight: 400;\">. Plus que jamais, nous investissons pour vous offrir des destinations de choix et des h\u00e9bergements de haute qualit\u00e9.<\/span><\/p>\t\t\t\t\t\t\t\t<\/div>\n\t\t\t\t\t<\/div>\n\t\t\t\t<\/div>\n\t\t<div class=\"elementor-element elementor-element-c1b9d2f e-flex e-con-boxed e-con e-parent\" data-id=\"c1b9d2f\" data-element_type=\"container\" data-e-type=\"container\">\n\t\t\t\t\t<div class=\"e-con-inner\">\n\t\t\t\t<div class=\"elementor-element elementor-element-7183606 elementor-widget elementor-widget-heading\" data-id=\"7183606\" data-element_type=\"widget\" data-e-type=\"widget\" data-widget_type=\"heading.default\">\n\t\t\t\t\t<h4 class=\"elementor-heading-title elementor-size-default\">Chers amis, clients et partenaires,<\/h4>\t\t\t\t<\/div>\n\t\t\t\t<div class=\"elementor-element elementor-element-9ab1f05 elementor-widget elementor-widget-text-editor\" data-id=\"9ab1f05\" data-element_type=\"widget\" data-e-type=\"widget\" data-widget_type=\"text-editor.default\">\n\t\t\t\t\t\t\t\t\t<p><span style=\"font-weight: 400;\">Vous le voyez, cette ann\u00e9e qui s\u2019ach\u00e8ve a \u00e9t\u00e9 pour nous une aventure intense. Toute l&rsquo;\u00e9quipe tient vous remercier de votre soutien et de votre fid\u00e9lit\u00e9. Nous vous souhaitons une merveilleuse ann\u00e9e 2026, riche en projets et en moments de partage.<\/span><\/p><p><span style=\"font-weight: 400;\">Au plaisir de vous accueillir tr\u00e8s bient\u00f4t dans nos murs.<\/span><\/p>\t\t\t\t\t\t\t\t<\/div>\n\t\t\t\t<div class=\"elementor-element elementor-element-7195ee6 elementor-widget elementor-widget-image\" data-id=\"7195ee6\" data-element_type=\"widget\" data-e-type=\"widget\" data-widget_type=\"image.default\">\n\t\t\t\t\t\t\t\t\t\t\t\t\t\t\t<img loading=\"lazy\" decoding=\"async\" width=\"300\" height=\"276\" src=\"https:\/\/www.hote-zen.fr\/blog\/wp-content\/uploads\/2026\/01\/joyeuse-nouvelle-annee-Hote-Zen-2026-380x350.jpg\" class=\"attachment-medium size-medium wp-image-61\" alt=\"joyeuse nouvelle ann\u00e9e H\u00f4te Zen 2026\" \/>\t\t\t\t\t\t\t\t\t\t\t\t\t\t\t<\/div>\n\t\t\t\t\t<\/div>\n\t\t\t\t<\/div>\n\t\t\t\t<\/div>\n\t\t","protected":false},"excerpt":{"rendered":"<p>H\u00f4te Zen 2025 de toutes les couleurs : R\u00e9trospective sur l\u2019ann\u00e9e ! Il nous semble important aujourd&rsquo;hui de vous faire&#8230;<\/p>\n","protected":false},"author":2,"featured_media":61,"comment_status":"open","ping_status":"open","sticky":false,"template":"","format":"standard","meta":{"footnotes":""},"categories":[9],"tags":[],"class_list":["post-28","post","type-post","status-publish","format-standard","has-post-thumbnail","hentry","category-actualite-entreprise-hote-zen"],"yoast_head":"<!-- This site is optimized with the Yoast SEO plugin v27.5 - https:\/\/yoast.com\/product\/yoast-seo-wordpress\/ -->\n<title>H\u00f4te Zen 2025 de toutes les couleurs : R\u00e9trospective sur l\u2019ann\u00e9e ! - Actus<\/title>\n<meta name=\"description\" content=\"Nous vous proposons une r\u00e9trospective de notre ann\u00e9e H\u00f4te Zen 2025 , d\u00e9couvrez nos \u00e9volutions et nos innovations !\" \/>\n<meta name=\"robots\" content=\"index, follow, max-snippet:-1, max-image-preview:large, max-video-preview:-1\" \/>\n<link rel=\"canonical\" href=\"https:\/\/www.hote-zen.fr\/blog\/hote-zen-2025\/\" \/>\n<meta property=\"og:locale\" content=\"fr_FR\" \/>\n<meta property=\"og:type\" content=\"article\" \/>\n<meta property=\"og:title\" content=\"H\u00f4te Zen 2025 de toutes les couleurs : R\u00e9trospective sur l\u2019ann\u00e9e ! - Actus\" \/>\n<meta property=\"og:description\" content=\"Nous vous proposons une r\u00e9trospective de notre ann\u00e9e H\u00f4te Zen 2025 , d\u00e9couvrez nos \u00e9volutions et nos innovations !\" \/>\n<meta property=\"og:url\" content=\"https:\/\/www.hote-zen.fr\/blog\/hote-zen-2025\/\" \/>\n<meta property=\"og:site_name\" content=\"Actus\" \/>\n<meta property=\"article:published_time\" content=\"2026-01-21T13:34:24+00:00\" \/>\n<meta property=\"article:modified_time\" content=\"2026-03-02T10:04:10+00:00\" \/>\n<meta property=\"og:image\" content=\"https:\/\/www.hote-zen.fr\/blog\/wp-content\/uploads\/2026\/01\/joyeuse-nouvelle-annee-Hote-Zen-2026.jpg\" \/>\n\t<meta property=\"og:image:width\" content=\"1680\" \/>\n\t<meta property=\"og:image:height\" content=\"1120\" \/>\n\t<meta property=\"og:image:type\" content=\"image\/jpeg\" \/>\n<meta name=\"author\" content=\"\u00c9quipe H\u00f4te Zen\" \/>\n<meta name=\"twitter:card\" content=\"summary_large_image\" \/>\n<meta name=\"twitter:label1\" content=\"\u00c9crit par\" \/>\n\t<meta name=\"twitter:data1\" content=\"\u00c9quipe H\u00f4te Zen\" \/>\n\t<meta name=\"twitter:label2\" content=\"Dur\u00e9e de lecture estim\u00e9e\" \/>\n\t<meta name=\"twitter:data2\" content=\"5 minutes\" \/>\n<script type=\"application\/ld+json\" class=\"yoast-schema-graph\">{\"@context\":\"https:\\\/\\\/schema.org\",\"@graph\":[{\"@type\":\"Article\",\"@id\":\"https:\\\/\\\/www.hote-zen.fr\\\/blog\\\/hote-zen-2025\\\/#article\",\"isPartOf\":{\"@id\":\"https:\\\/\\\/www.hote-zen.fr\\\/blog\\\/hote-zen-2025\\\/\"},\"author\":{\"name\":\"\u00c9quipe H\u00f4te Zen\",\"@id\":\"https:\\\/\\\/www.hote-zen.fr\\\/blog\\\/#\\\/schema\\\/person\\\/30302c85510e06c265a13e78471b622e\"},\"headline\":\"H\u00f4te Zen 2025 de toutes les couleurs : R\u00e9trospective sur l\u2019ann\u00e9e !\",\"datePublished\":\"2026-01-21T13:34:24+00:00\",\"dateModified\":\"2026-03-02T10:04:10+00:00\",\"mainEntityOfPage\":{\"@id\":\"https:\\\/\\\/www.hote-zen.fr\\\/blog\\\/hote-zen-2025\\\/\"},\"wordCount\":868,\"commentCount\":0,\"image\":{\"@id\":\"https:\\\/\\\/www.hote-zen.fr\\\/blog\\\/hote-zen-2025\\\/#primaryimage\"},\"thumbnailUrl\":\"https:\\\/\\\/www.hote-zen.fr\\\/blog\\\/wp-content\\\/uploads\\\/2026\\\/01\\\/joyeuse-nouvelle-annee-Hote-Zen-2026.jpg\",\"articleSection\":[\"Actualit\u00e9 entreprise H\u00f4te Zen\"],\"inLanguage\":\"fr-FR\",\"potentialAction\":[{\"@type\":\"CommentAction\",\"name\":\"Comment\",\"target\":[\"https:\\\/\\\/www.hote-zen.fr\\\/blog\\\/hote-zen-2025\\\/#respond\"]}]},{\"@type\":\"WebPage\",\"@id\":\"https:\\\/\\\/www.hote-zen.fr\\\/blog\\\/hote-zen-2025\\\/\",\"url\":\"https:\\\/\\\/www.hote-zen.fr\\\/blog\\\/hote-zen-2025\\\/\",\"name\":\"H\u00f4te Zen 2025 de toutes les couleurs : R\u00e9trospective sur l\u2019ann\u00e9e ! - Actus\",\"isPartOf\":{\"@id\":\"https:\\\/\\\/www.hote-zen.fr\\\/blog\\\/#website\"},\"primaryImageOfPage\":{\"@id\":\"https:\\\/\\\/www.hote-zen.fr\\\/blog\\\/hote-zen-2025\\\/#primaryimage\"},\"image\":{\"@id\":\"https:\\\/\\\/www.hote-zen.fr\\\/blog\\\/hote-zen-2025\\\/#primaryimage\"},\"thumbnailUrl\":\"https:\\\/\\\/www.hote-zen.fr\\\/blog\\\/wp-content\\\/uploads\\\/2026\\\/01\\\/joyeuse-nouvelle-annee-Hote-Zen-2026.jpg\",\"datePublished\":\"2026-01-21T13:34:24+00:00\",\"dateModified\":\"2026-03-02T10:04:10+00:00\",\"author\":{\"@id\":\"https:\\\/\\\/www.hote-zen.fr\\\/blog\\\/#\\\/schema\\\/person\\\/30302c85510e06c265a13e78471b622e\"},\"description\":\"Nous vous proposons une r\u00e9trospective de notre ann\u00e9e H\u00f4te Zen 2025 , d\u00e9couvrez nos \u00e9volutions et nos innovations !\",\"breadcrumb\":{\"@id\":\"https:\\\/\\\/www.hote-zen.fr\\\/blog\\\/hote-zen-2025\\\/#breadcrumb\"},\"inLanguage\":\"fr-FR\",\"potentialAction\":[{\"@type\":\"ReadAction\",\"target\":[\"https:\\\/\\\/www.hote-zen.fr\\\/blog\\\/hote-zen-2025\\\/\"]}]},{\"@type\":\"ImageObject\",\"inLanguage\":\"fr-FR\",\"@id\":\"https:\\\/\\\/www.hote-zen.fr\\\/blog\\\/hote-zen-2025\\\/#primaryimage\",\"url\":\"https:\\\/\\\/www.hote-zen.fr\\\/blog\\\/wp-content\\\/uploads\\\/2026\\\/01\\\/joyeuse-nouvelle-annee-Hote-Zen-2026.jpg\",\"contentUrl\":\"https:\\\/\\\/www.hote-zen.fr\\\/blog\\\/wp-content\\\/uploads\\\/2026\\\/01\\\/joyeuse-nouvelle-annee-Hote-Zen-2026.jpg\",\"width\":1680,\"height\":1120,\"caption\":\"joyeuse nouvelle ann\u00e9e H\u00f4te Zen 2026\"},{\"@type\":\"BreadcrumbList\",\"@id\":\"https:\\\/\\\/www.hote-zen.fr\\\/blog\\\/hote-zen-2025\\\/#breadcrumb\",\"itemListElement\":[{\"@type\":\"ListItem\",\"position\":1,\"name\":\"Portada\",\"item\":\"https:\\\/\\\/www.hote-zen.fr\\\/blog\\\/\"},{\"@type\":\"ListItem\",\"position\":2,\"name\":\"H\u00f4te Zen 2025 de toutes les couleurs : R\u00e9trospective sur l\u2019ann\u00e9e !\"}]},{\"@type\":\"WebSite\",\"@id\":\"https:\\\/\\\/www.hote-zen.fr\\\/blog\\\/#website\",\"url\":\"https:\\\/\\\/www.hote-zen.fr\\\/blog\\\/\",\"name\":\"Actus\",\"description\":\"Hote-Zen\",\"potentialAction\":[{\"@type\":\"SearchAction\",\"target\":{\"@type\":\"EntryPoint\",\"urlTemplate\":\"https:\\\/\\\/www.hote-zen.fr\\\/blog\\\/?s={search_term_string}\"},\"query-input\":{\"@type\":\"PropertyValueSpecification\",\"valueRequired\":true,\"valueName\":\"search_term_string\"}}],\"inLanguage\":\"fr-FR\"},{\"@type\":\"Person\",\"@id\":\"https:\\\/\\\/www.hote-zen.fr\\\/blog\\\/#\\\/schema\\\/person\\\/30302c85510e06c265a13e78471b622e\",\"name\":\"\u00c9quipe H\u00f4te Zen\",\"image\":{\"@type\":\"ImageObject\",\"inLanguage\":\"fr-FR\",\"@id\":\"https:\\\/\\\/secure.gravatar.com\\\/avatar\\\/8d2646e2cc2e8783eb248894d90def5faa2eeee11ed6a2aa4c37a95392b3fc77?s=96&d=mm&r=g\",\"url\":\"https:\\\/\\\/secure.gravatar.com\\\/avatar\\\/8d2646e2cc2e8783eb248894d90def5faa2eeee11ed6a2aa4c37a95392b3fc77?s=96&d=mm&r=g\",\"contentUrl\":\"https:\\\/\\\/secure.gravatar.com\\\/avatar\\\/8d2646e2cc2e8783eb248894d90def5faa2eeee11ed6a2aa4c37a95392b3fc77?s=96&d=mm&r=g\",\"caption\":\"\u00c9quipe H\u00f4te Zen\"},\"url\":\"https:\\\/\\\/www.hote-zen.fr\\\/blog\\\/author\\\/hote-zen\\\/\"}]}<\/script>\n<!-- \/ Yoast SEO plugin. -->","yoast_head_json":{"title":"H\u00f4te Zen 2025 de toutes les couleurs : R\u00e9trospective sur l\u2019ann\u00e9e ! - Actus","description":"Nous vous proposons une r\u00e9trospective de notre ann\u00e9e H\u00f4te Zen 2025 , d\u00e9couvrez nos \u00e9volutions et nos innovations !","robots":{"index":"index","follow":"follow","max-snippet":"max-snippet:-1","max-image-preview":"max-image-preview:large","max-video-preview":"max-video-preview:-1"},"canonical":"https:\/\/www.hote-zen.fr\/blog\/hote-zen-2025\/","og_locale":"fr_FR","og_type":"article","og_title":"H\u00f4te Zen 2025 de toutes les couleurs : R\u00e9trospective sur l\u2019ann\u00e9e ! - Actus","og_description":"Nous vous proposons une r\u00e9trospective de notre ann\u00e9e H\u00f4te Zen 2025 , d\u00e9couvrez nos \u00e9volutions et nos innovations !","og_url":"https:\/\/www.hote-zen.fr\/blog\/hote-zen-2025\/","og_site_name":"Actus","article_published_time":"2026-01-21T13:34:24+00:00","article_modified_time":"2026-03-02T10:04:10+00:00","og_image":[{"width":1680,"height":1120,"url":"https:\/\/www.hote-zen.fr\/blog\/wp-content\/uploads\/2026\/01\/joyeuse-nouvelle-annee-Hote-Zen-2026.jpg","type":"image\/jpeg"}],"author":"\u00c9quipe H\u00f4te Zen","twitter_card":"summary_large_image","twitter_misc":{"\u00c9crit par":"\u00c9quipe H\u00f4te Zen","Dur\u00e9e de lecture estim\u00e9e":"5 minutes"},"schema":{"@context":"https:\/\/schema.org","@graph":[{"@type":"Article","@id":"https:\/\/www.hote-zen.fr\/blog\/hote-zen-2025\/#article","isPartOf":{"@id":"https:\/\/www.hote-zen.fr\/blog\/hote-zen-2025\/"},"author":{"name":"\u00c9quipe H\u00f4te Zen","@id":"https:\/\/www.hote-zen.fr\/blog\/#\/schema\/person\/30302c85510e06c265a13e78471b622e"},"headline":"H\u00f4te Zen 2025 de toutes les couleurs : R\u00e9trospective sur l\u2019ann\u00e9e !","datePublished":"2026-01-21T13:34:24+00:00","dateModified":"2026-03-02T10:04:10+00:00","mainEntityOfPage":{"@id":"https:\/\/www.hote-zen.fr\/blog\/hote-zen-2025\/"},"wordCount":868,"commentCount":0,"image":{"@id":"https:\/\/www.hote-zen.fr\/blog\/hote-zen-2025\/#primaryimage"},"thumbnailUrl":"https:\/\/www.hote-zen.fr\/blog\/wp-content\/uploads\/2026\/01\/joyeuse-nouvelle-annee-Hote-Zen-2026.jpg","articleSection":["Actualit\u00e9 entreprise H\u00f4te Zen"],"inLanguage":"fr-FR","potentialAction":[{"@type":"CommentAction","name":"Comment","target":["https:\/\/www.hote-zen.fr\/blog\/hote-zen-2025\/#respond"]}]},{"@type":"WebPage","@id":"https:\/\/www.hote-zen.fr\/blog\/hote-zen-2025\/","url":"https:\/\/www.hote-zen.fr\/blog\/hote-zen-2025\/","name":"H\u00f4te Zen 2025 de toutes les couleurs : R\u00e9trospective sur l\u2019ann\u00e9e ! - Actus","isPartOf":{"@id":"https:\/\/www.hote-zen.fr\/blog\/#website"},"primaryImageOfPage":{"@id":"https:\/\/www.hote-zen.fr\/blog\/hote-zen-2025\/#primaryimage"},"image":{"@id":"https:\/\/www.hote-zen.fr\/blog\/hote-zen-2025\/#primaryimage"},"thumbnailUrl":"https:\/\/www.hote-zen.fr\/blog\/wp-content\/uploads\/2026\/01\/joyeuse-nouvelle-annee-Hote-Zen-2026.jpg","datePublished":"2026-01-21T13:34:24+00:00","dateModified":"2026-03-02T10:04:10+00:00","author":{"@id":"https:\/\/www.hote-zen.fr\/blog\/#\/schema\/person\/30302c85510e06c265a13e78471b622e"},"description":"Nous vous proposons une r\u00e9trospective de notre ann\u00e9e H\u00f4te Zen 2025 , d\u00e9couvrez nos \u00e9volutions et nos innovations !","breadcrumb":{"@id":"https:\/\/www.hote-zen.fr\/blog\/hote-zen-2025\/#breadcrumb"},"inLanguage":"fr-FR","potentialAction":[{"@type":"ReadAction","target":["https:\/\/www.hote-zen.fr\/blog\/hote-zen-2025\/"]}]},{"@type":"ImageObject","inLanguage":"fr-FR","@id":"https:\/\/www.hote-zen.fr\/blog\/hote-zen-2025\/#primaryimage","url":"https:\/\/www.hote-zen.fr\/blog\/wp-content\/uploads\/2026\/01\/joyeuse-nouvelle-annee-Hote-Zen-2026.jpg","contentUrl":"https:\/\/www.hote-zen.fr\/blog\/wp-content\/uploads\/2026\/01\/joyeuse-nouvelle-annee-Hote-Zen-2026.jpg","width":1680,"height":1120,"caption":"joyeuse nouvelle ann\u00e9e H\u00f4te Zen 2026"},{"@type":"BreadcrumbList","@id":"https:\/\/www.hote-zen.fr\/blog\/hote-zen-2025\/#breadcrumb","itemListElement":[{"@type":"ListItem","position":1,"name":"Portada","item":"https:\/\/www.hote-zen.fr\/blog\/"},{"@type":"ListItem","position":2,"name":"H\u00f4te Zen 2025 de toutes les couleurs : R\u00e9trospective sur l\u2019ann\u00e9e !"}]},{"@type":"WebSite","@id":"https:\/\/www.hote-zen.fr\/blog\/#website","url":"https:\/\/www.hote-zen.fr\/blog\/","name":"Actus","description":"Hote-Zen","potentialAction":[{"@type":"SearchAction","target":{"@type":"EntryPoint","urlTemplate":"https:\/\/www.hote-zen.fr\/blog\/?s={search_term_string}"},"query-input":{"@type":"PropertyValueSpecification","valueRequired":true,"valueName":"search_term_string"}}],"inLanguage":"fr-FR"},{"@type":"Person","@id":"https:\/\/www.hote-zen.fr\/blog\/#\/schema\/person\/30302c85510e06c265a13e78471b622e","name":"\u00c9quipe H\u00f4te Zen","image":{"@type":"ImageObject","inLanguage":"fr-FR","@id":"https:\/\/secure.gravatar.com\/avatar\/8d2646e2cc2e8783eb248894d90def5faa2eeee11ed6a2aa4c37a95392b3fc77?s=96&d=mm&r=g","url":"https:\/\/secure.gravatar.com\/avatar\/8d2646e2cc2e8783eb248894d90def5faa2eeee11ed6a2aa4c37a95392b3fc77?s=96&d=mm&r=g","contentUrl":"https:\/\/secure.gravatar.com\/avatar\/8d2646e2cc2e8783eb248894d90def5faa2eeee11ed6a2aa4c37a95392b3fc77?s=96&d=mm&r=g","caption":"\u00c9quipe H\u00f4te Zen"},"url":"https:\/\/www.hote-zen.fr\/blog\/author\/hote-zen\/"}]}},"_links":{"self":[{"href":"https:\/\/www.hote-zen.fr\/blog\/wp-json\/wp\/v2\/posts\/28","targetHints":{"allow":["GET"]}}],"collection":[{"href":"https:\/\/www.hote-zen.fr\/blog\/wp-json\/wp\/v2\/posts"}],"about":[{"href":"https:\/\/www.hote-zen.fr\/blog\/wp-json\/wp\/v2\/types\/post"}],"author":[{"embeddable":true,"href":"https:\/\/www.hote-zen.fr\/blog\/wp-json\/wp\/v2\/users\/2"}],"replies":[{"embeddable":true,"href":"https:\/\/www.hote-zen.fr\/blog\/wp-json\/wp\/v2\/comments?post=28"}],"version-history":[{"count":25,"href":"https:\/\/www.hote-zen.fr\/blog\/wp-json\/wp\/v2\/posts\/28\/revisions"}],"predecessor-version":[{"id":72,"href":"https:\/\/www.hote-zen.fr\/blog\/wp-json\/wp\/v2\/posts\/28\/revisions\/72"}],"wp:featuredmedia":[{"embeddable":true,"href":"https:\/\/www.hote-zen.fr\/blog\/wp-json\/wp\/v2\/media\/61"}],"wp:attachment":[{"href":"https:\/\/www.hote-zen.fr\/blog\/wp-json\/wp\/v2\/media?parent=28"}],"wp:term":[{"taxonomy":"category","embeddable":true,"href":"https:\/\/www.hote-zen.fr\/blog\/wp-json\/wp\/v2\/categories?post=28"},{"taxonomy":"post_tag","embeddable":true,"href":"https:\/\/www.hote-zen.fr\/blog\/wp-json\/wp\/v2\/tags?post=28"}],"curies":[{"name":"wp","href":"https:\/\/api.w.org\/{rel}","templated":true}]}}